{"id":118894,"date":"2013-02-11T00:00:00","date_gmt":"2013-02-11T00:00:00","guid":{"rendered":"https:\/\/smago.de\/ws\/?p=118894"},"modified":"-0001-11-30T00:00:00","modified_gmt":"-0001-11-29T22:00:00","slug":"DIE-CAPPUCCINOS-Wie-geil-ist-d-118893","status":"publish","type":"post","link":"https:\/\/smago.de\/ws2\/schlager\/DIE-CAPPUCCINOS-Wie-geil-ist-d-118893\/","title":{"rendered":"DIE CAPPUCCINOS <br \/> Wie geil ist das denn?&#8230;: zu(m) Fasching als &#8222;Die Cappuccinos&#8220; geh\u00b4n&#8230;!"},"content":{"rendered":"<p>Vier junge Holl\u00e4nder gehen tats\u00e4chlich als &#8222;Die Cappuccinos&#8220; zum Karneval! HIER der Direkt-Vergleich (Original und F\u00e4lschung)&#8230;:\u00a0 <!-more-><\/p>\n<p align=\"justify\">Ein gr&ouml;&szlig;eres und besseres Kompliment k&ouml;nnte es f&uuml;r DIE CAPPUCCINOS eigentlich gar nicht geben: Zu(m) Fasching haben sich vier junge Holl&auml;nder als &quot;Die Cappuccinos&quot; verkleidet. <em>&quot;Wie geil ist das denn&#8230;?&quot;<\/em><\/p>\n<p>Die &Auml;hnlichkeit zumindest zu Lead-S&auml;nger Ren&eacute; ist wirklich verbl&uuml;ffend&#8230;<\/p>\n<p align=\"justify\">Bei den vielen Terminen von Ren&eacute; (27), Mich&egrave;l (24), Peter (24) und Robert (25) ist es vielleicht gar nicht so verkehrt, dass es &quot;Die Cappuccinos&quot; jetzt quasi auch in der &quot;Zweitbesetzung&quot; gibt&#8230;<\/p>\n<p align=\"justify\">Ab Freitag (15.02.2013) kann man Die Cappuccinos (in der Original-Besetzung!) weiter im Rahmen der Tournee &quot;Immer wieder sonntags&quot; mit Stefan Mross, Sigrid &amp; Marina sowie gr&ouml;&szlig;tenteils auch mit &quot;Frau W&auml;ber&quot; live erleben (Termine unter <a href=\"http:\/\/www.konzerte-erleben.de\">www.konzerte-erleben.de<\/a>).<\/p>\n<p align=\"justify\"><img decoding=\"async\" loading=\"lazy\" border=\"1\" height=\"500\" hspace=\"8\" src=\"https:\/\/smago.de\/img\/bildbox\/1360492198.jpg\" vspace=\"8\" width=\"500\" \/><br \/>\n<em>Original<\/em><\/p>\n<p align=\"justify\"><img decoding=\"async\" loading=\"lazy\" border=\"1\" height=\"512\" hspace=\"8\" src=\"https:\/\/smago.de\/img\/bildbox\/1360492061.jpg\" vspace=\"8\" width=\"426\" \/><br \/>\n<em>&quot;F&auml;lschung&quot;<\/em><\/p>\n<p align=\"justify\"><img decoding=\"async\" loading=\"lazy\" border=\"1\" height=\"384\" hspace=\"8\" src=\"https:\/\/smago.de\/img\/bildbox\/1360492102.jpg\" vspace=\"8\" width=\"512\" \/><br \/>\n<em>&quot;F&auml;lschung&quot;<\/em><\/p>\n<p>&nbsp;<\/p>\n<p>Andy Tichler, Chefredakteur www.smago.de<\/p>\n<p><\/p>\n","protected":false},"excerpt":{"rendered":"<p>Vier junge Holl\u00e4nder gehen tats\u00e4chlich als &#8222;Die Cappuccinos&#8220; zum Karneval! HIER der Direkt-Vergleich (Original und F\u00e4lschung)&#8230;:\u00a0 Ein gr&ouml;&szlig;eres und besseres<\/p>\n","protected":false},"author":2,"featured_media":118895,"comment_status":"open","ping_status":"open","sticky":false,"template":"","format":"standard","meta":{"_FSMCFIC_featured_image_caption":"","_FSMCFIC_featured_image_nocaption":"","_FSMCFIC_featured_image_hide":""},"categories":[29],"tags":[],"acf":[],"_links":{"self":[{"href":"https:\/\/smago.de\/ws2\/wp-json\/wp\/v2\/posts\/118894"}],"collection":[{"href":"https:\/\/smago.de\/ws2\/wp-json\/wp\/v2\/posts"}],"about":[{"href":"https:\/\/smago.de\/ws2\/wp-json\/wp\/v2\/types\/post"}],"author":[{"embeddable":true,"href":"https:\/\/smago.de\/ws2\/wp-json\/wp\/v2\/users\/2"}],"replies":[{"embeddable":true,"href":"https:\/\/smago.de\/ws2\/wp-json\/wp\/v2\/comments?post=118894"}],"version-history":[{"count":0,"href":"https:\/\/smago.de\/ws2\/wp-json\/wp\/v2\/posts\/118894\/revisions"}],"wp:featuredmedia":[{"embeddable":true,"href":"https:\/\/smago.de\/ws2\/wp-json\/wp\/v2\/media\/118895"}],"wp:attachment":[{"href":"https:\/\/smago.de\/ws2\/wp-json\/wp\/v2\/media?parent=118894"}],"wp:term":[{"taxonomy":"category","embeddable":true,"href":"https:\/\/smago.de\/ws2\/wp-json\/wp\/v2\/categories?post=118894"},{"taxonomy":"post_tag","embeddable":true,"href":"https:\/\/smago.de\/ws2\/wp-json\/wp\/v2\/tags?post=118894"}],"curies":[{"name":"wp","href":"https:\/\/api.w.org\/{rel}","templated":true}]}}