{"id":118888,"date":"2013-02-17T00:00:00","date_gmt":"2013-02-17T00:00:00","guid":{"rendered":"https:\/\/smago.de\/ws\/?p=118888"},"modified":"-0001-11-30T00:00:00","modified_gmt":"-0001-11-29T22:00:00","slug":"LAURA-WILDE-Mit-dem-Titel-quot-118887","status":"publish","type":"post","link":"https:\/\/smago.de\/ws2\/schlager\/LAURA-WILDE-Mit-dem-Titel-quot-118887\/","title":{"rendered":"LAURA WILDE <br \/> Mit dem Titel &#8222;Warte bis es dunkel wird&#8220; meldet sie sich endlich bei ihren Fans zur\u00fcck!"},"content":{"rendered":"<p>Als Ver\u00f6ffentlichungstermin ihres zweiten Albums ist nach wie vor &#8222;April 2013&#8220; im Gespr\u00e4ch! \u00a0 <!-more-><\/p>\n<p align=\"justify\">LAURA WILDE&nbsp;ist wieder da! Der Shooting-Star des deutschen Schlagers ver\u00f6ffentlicht im April 2013 endlich sein zweites Album. Nachdem das Deb\u00fct &#8222;Fang deine Tr\u00e4ume ein&#8220; mitten in die internationalen Albumcharts eingestiegen war und Auszeichnungen wie den SWR4-Nachwuchsstern und den Newcomer-Preis vom Bauer Verlag &#8222;Mein Star des Jahres&#8220; nach sich zog, sind die Erwartungen ans neue Album gro\u00df. Keine Sorge: Sie werden mehr als erf\u00fcllt! &#8222;Umarm die Welt mit mir&#8220; enth\u00e4lt zw\u00f6lf Songs mit Hit-Potenzial. Hier ist der erste davon: &#8222;Warte bis es dunkel wird&#8220;. Ein Gassenhauer, wie er im Buche steht \u2013 in jedem Fall ein Garant f\u00fcr volle Tanzfl\u00e4chen! <\/p>\n<p>Man entkommt ihr einfach nicht, dieser hinrei\u00dfenden Laura Wilde. Ihrem Charme, ihrem Temperament, ihrer positiven Energie und ihrer Menschenliebe. Und auch ihrer echten, authentischen Leidenschaft zum Schlager, die wahrscheinlich neben dem stimmlichen Talent und ihrer Unbeschwertheit den gr\u00f6\u00dften Teil ihres Potentials ausmacht. &#8222;Ich bin ein Publikumsmensch&#8220;, sagt die 24-J\u00e4hrige, &#8222;ich hab immer davon getr\u00e4umt, dass die Leute meine Lieder mitsingen k\u00f6nnen. Jetzt steh ich auf der B\u00fchne und beobachte genau das. Jetzt schon! Da geht mir jedes Mal das Herz auf!&#8220; Kein Wunder \u2013 die Menge an Live-Auftritten innerhalb von zwei Jahren macht Laura Wilde so schnell keiner nach. &#8222;Warte bis es dunkel wird&#8220; ist wie alle anderen Songs eine Produktion von Uwe Busse, der die Nummer auch geschrieben hat. Ein Fox, der dem Zeitgeist entspricht und s\u00fcchtig nach mehr macht. <\/p>\n<p>Laura Wildes neues Album &#8222;Umarm die Welt mit mir&#8220; (produziert von Uwe Busse) inkl. &#8222;Warte bis es dunkel wird&#8220; erscheint im April 2013 im Handel. <\/p>\n<p>Ihre erste Funksingle wird Mitte M\u00e4rz an die Radios bemustert. (Ob es tats\u00e4chlich &#8222;Warte bis es dunkel wird&#8220;, steht noch in den Sternen&#8230;)<\/p>\n<p>Laura Wilde ist derzeit im Rahmen der Tournee &#8222;Die gro\u00dfe DampferTour&#8220; bei insgesamt 55 Terminen live zu erleben (Maxi Arland pr\u00e4sentiert au\u00dferdem: Patrick Lindner, Oesch\u00b4s die Dritten sowie Judith &amp; Mel); Termine unter <a href=\"http:\/\/www.maxi-arland.de\">www.maxi-arland.de<\/a> und <a href=\"http:\/\/www.konzerte-erleben.de\">www.konzerte-erleben.de<\/a>! <\/p>\n<p>Bitte beachten Sie auch <a href=\"http:\/\/www.laura-wilde.de\">www.laura-wilde.de<\/a>!<\/p>\n<p>www.ariola.de (Textvorlage)<\/p>\n<p><\/p>\n","protected":false},"excerpt":{"rendered":"<p>Als Ver\u00f6ffentlichungstermin ihres zweiten Albums ist nach wie vor &#8222;April 2013&#8220; im Gespr\u00e4ch! \u00a0 LAURA WILDE&nbsp;ist wieder da! Der Shooting-Star<\/p>\n","protected":false},"author":2,"featured_media":118889,"comment_status":"open","ping_status":"open","sticky":false,"template":"","format":"standard","meta":{"_FSMCFIC_featured_image_caption":"","_FSMCFIC_featured_image_nocaption":"","_FSMCFIC_featured_image_hide":""},"categories":[29],"tags":[],"acf":[],"_links":{"self":[{"href":"https:\/\/smago.de\/ws2\/wp-json\/wp\/v2\/posts\/118888"}],"collection":[{"href":"https:\/\/smago.de\/ws2\/wp-json\/wp\/v2\/posts"}],"about":[{"href":"https:\/\/smago.de\/ws2\/wp-json\/wp\/v2\/types\/post"}],"author":[{"embeddable":true,"href":"https:\/\/smago.de\/ws2\/wp-json\/wp\/v2\/users\/2"}],"replies":[{"embeddable":true,"href":"https:\/\/smago.de\/ws2\/wp-json\/wp\/v2\/comments?post=118888"}],"version-history":[{"count":0,"href":"https:\/\/smago.de\/ws2\/wp-json\/wp\/v2\/posts\/118888\/revisions"}],"wp:featuredmedia":[{"embeddable":true,"href":"https:\/\/smago.de\/ws2\/wp-json\/wp\/v2\/media\/118889"}],"wp:attachment":[{"href":"https:\/\/smago.de\/ws2\/wp-json\/wp\/v2\/media?parent=118888"}],"wp:term":[{"taxonomy":"category","embeddable":true,"href":"https:\/\/smago.de\/ws2\/wp-json\/wp\/v2\/categories?post=118888"},{"taxonomy":"post_tag","embeddable":true,"href":"https:\/\/smago.de\/ws2\/wp-json\/wp\/v2\/tags?post=118888"}],"curies":[{"name":"wp","href":"https:\/\/api.w.org\/{rel}","templated":true}]}}