{"id":118885,"date":"2013-02-18T00:00:00","date_gmt":"2013-02-18T00:00:00","guid":{"rendered":"https:\/\/smago.de\/ws\/?p=118885"},"modified":"-0001-11-30T00:00:00","modified_gmt":"-0001-11-29T22:00:00","slug":"DIETER-THOMAS-HECK-quotDer-Tre-118884","status":"publish","type":"post","link":"https:\/\/smago.de\/ws2\/schlager\/DIETER-THOMAS-HECK-quotDer-Tre-118884\/","title":{"rendered":"DIETER THOMAS HECK <br \/> &#8222;Der Trend geht zum Schlager!&#8220;"},"content":{"rendered":"<p>Dieter Thomas Heck \u00fcber die Hitparade und Heino&#8230;:\u00a0 <!-more-><\/p>\n<p align=\"justify\">DIETER THOMAS HECK&nbsp;ist eine Legende. Mit der &#8222;ZDF-Hitparade&#8220; aus Berlin schrieb der Moderator deutsche Fernsehgeschichte. Heck ist jetzt 75 Jahre alt, genie\u00dft das Rentnerleben abwechselnd in Spanien und Deutschland. Mit ZDFonline sprach er \u00fcber Schlager, Sonne, Berlin und den aktuellen Erfolg von Heino. <\/p>\n<p align=\"justify\">&nbsp;<\/p>\n<p align=\"justify\"><strong>ZDFonline: Willkommen in Berlin, Herr Heck. Die Stadt, in der Sie gut drei Jahrzehnte lang die ZDF-Hitparade moderierten.<\/strong><\/p>\n<p align=\"justify\"><strong>Dieter Thomas Heck:<\/strong> Herzlichen Dank f\u00fcr die nette Begr\u00fc\u00dfung. In Berlin f\u00fchle ich mich immer sehr wohl. Ich mag die besondere Atmosph\u00e4re dieser Stadt. Es war genau der richtige Ort f\u00fcr die Hitparade. \u00dcber den neuen Flughafen wollen wir jetzt aber lieber nicht sprechen &#8230;<\/p>\n<p align=\"justify\"><strong>ZDFonline: Sie pendeln aktuell zwischen Spanien und Deutschland, wirken frisch und entspannt. Offensichtlich genie\u00dfen Sie das Leben!<\/strong><\/p>\n<p align=\"justify\"><strong>Heck:<\/strong> Es geht mir wirklich ausgezeichnet. Ich f\u00fchle mich j\u00fcnger als ich bin, und ich sage ganz bescheiden: Ich sehe auch j\u00fcnger aus. In Spanien freue ich mich jeden Morgen auf den wundersch\u00f6nen Sonnenaufgang. Es ist einfach herrlich.<\/p>\n<p align=\"justify\"><strong>ZDFonline: Haben Sie keine Angst um den deutschen Schlager?<\/strong><\/p>\n<p align=\"justify\"><strong>Heck:<\/strong> Nein, denn er ist nicht unterzukriegen, und ihm geht es auch wieder richtig gut. Die Menschen, vor allem auch immer j\u00fcngere, wollen wieder Schlager h\u00f6ren. Ich glaube, der Schlager ist wieder so erfolgreich wie lange nicht mehr. Der Trend geht eindeutig zum Schlager.<\/p>\n<p align=\"justify\"><strong>ZDFonline: Da fehlt eigentlich nur noch die ZDF-Hitparade. W\u00fcrden Sie noch einmal an s Mikro gehen?<\/strong><\/p>\n<p align=\"justify\"><strong>Heck:<\/strong> Ich wei\u00df, dass die Hitparade noch immer auf dem ZDF-Kulturkanal wiederholt wird, und das mit richtig guten Quoten. Das freut mich sehr, und ich kann darauf auch stolz sein. Das reicht aber.<\/p>\n<p align=\"justify\"><strong>ZDFonline: In der Hitparade durften Sie alle Schlagergr\u00f6\u00dfen begr\u00fc\u00dfen. Hatten Sie eigentlich einen Lieblingsinterpreten?<\/strong><\/p>\n<p align=\"justify\"><strong>Heck:<\/strong> Nein, wir waren so etwas wie eine gro\u00dfe Familie. Deshalb habe ich in der Sendung auch immer &#8222;Wir&#8220; gesagt und nie &#8222;Ich&#8220;. Ich habe alle K\u00fcnstler immer fair und gleich behandelt \u2013 ohne Ausnahme. Ich glaube, das war mit ein Erfolgsgeheimnis der Hitparade.<\/p>\n<p align=\"justify\"><strong>ZDFonline: Heino, der schon damals bei Ihnen regelm\u00e4\u00dfig zu Gast war, feiert gerade einen ungew\u00f6hnlichen Erfolg. Wie finden Sie seine neue CD?<\/strong><\/p>\n<p align=\"justify\"><strong>Heck:<\/strong> Unheimlich gut, es ist der Wahnsinn! Heino ist ein wirklich ausgezeichneter S\u00e4nger und kann auch moderne Popsongs toll interpretieren. Ich habe ihm das wirklich zugetraut und g\u00f6nne ihm den Erfolg vom ganzen Herzen.<\/p>\n<p align=\"justify\">&nbsp;<\/p>\n<p align=\"justify\"><em>Das Interview f\u00fchrte Torsten Haselbauer.<\/p>\n<p><\/em>Bitte beachten Sie auch <a href=\"http:\/\/carmennebel.zdf.de\">http:\/\/carmennebel.zdf.de<\/a>!<\/p>\n<p>ZDF<\/p>\n<p><\/p>\n","protected":false},"excerpt":{"rendered":"<p>Dieter Thomas Heck \u00fcber die Hitparade und Heino&#8230;:\u00a0 DIETER THOMAS HECK&nbsp;ist eine Legende. Mit der &#8222;ZDF-Hitparade&#8220; aus Berlin schrieb der<\/p>\n","protected":false},"author":2,"featured_media":118886,"comment_status":"open","ping_status":"open","sticky":false,"template":"","format":"standard","meta":{"_FSMCFIC_featured_image_caption":"","_FSMCFIC_featured_image_nocaption":"","_FSMCFIC_featured_image_hide":""},"categories":[29],"tags":[],"acf":[],"_links":{"self":[{"href":"https:\/\/smago.de\/ws2\/wp-json\/wp\/v2\/posts\/118885"}],"collection":[{"href":"https:\/\/smago.de\/ws2\/wp-json\/wp\/v2\/posts"}],"about":[{"href":"https:\/\/smago.de\/ws2\/wp-json\/wp\/v2\/types\/post"}],"author":[{"embeddable":true,"href":"https:\/\/smago.de\/ws2\/wp-json\/wp\/v2\/users\/2"}],"replies":[{"embeddable":true,"href":"https:\/\/smago.de\/ws2\/wp-json\/wp\/v2\/comments?post=118885"}],"version-history":[{"count":0,"href":"https:\/\/smago.de\/ws2\/wp-json\/wp\/v2\/posts\/118885\/revisions"}],"wp:featuredmedia":[{"embeddable":true,"href":"https:\/\/smago.de\/ws2\/wp-json\/wp\/v2\/media\/118886"}],"wp:attachment":[{"href":"https:\/\/smago.de\/ws2\/wp-json\/wp\/v2\/media?parent=118885"}],"wp:term":[{"taxonomy":"category","embeddable":true,"href":"https:\/\/smago.de\/ws2\/wp-json\/wp\/v2\/categories?post=118885"},{"taxonomy":"post_tag","embeddable":true,"href":"https:\/\/smago.de\/ws2\/wp-json\/wp\/v2\/tags?post=118885"}],"curies":[{"name":"wp","href":"https:\/\/api.w.org\/{rel}","templated":true}]}}