{"id":118090,"date":"2013-03-18T00:00:00","date_gmt":"2013-03-18T00:00:00","guid":{"rendered":"https:\/\/smago.de\/ws\/?p=118090"},"modified":"-0001-11-30T00:00:00","modified_gmt":"-0001-11-29T22:00:00","slug":"FANTASY-Glueckwunsch-von-allen-118089","status":"publish","type":"post","link":"https:\/\/smago.de\/ws2\/pop-schlager\/FANTASY-Glueckwunsch-von-allen-118089\/","title":{"rendered":"FANTASY <br \/> Gl\u00fcckwunsch von allen Seiten zu ihrer ersten &#8222;Goldenen&#8220;!"},"content":{"rendered":"<p>Florian Silbereisen \u00fcberraschte die &#8222;Pink Panther des deutschen Popschlagers&#8220; live in seiner &#8222;Fr\u00fchlingsfest&#8220; Show mit einer Goldenen Schallplatte f\u00fcr mehr als 100.000 verkaufte Einheiten ihres &#8222;Best Of&#8220; Albums! Was Martin und Freddy selbst sagen&#8230;:\u00a0 <!-more-><\/p>\n<p style=\"text-align: justify;\">Sie haben sich diesen Erfolg <em>so was von<\/em> verdient &#8211; die beiden &quot;Jungs&quot; von Fantasy, die sich optisch in j&uuml;ngster Zeit bevorzugt als die &quot;Pink Panther des deutschen Popschlagers&quot; pr&auml;sentieren.<\/p>\n<p>Nach ihrem Auftritt mit dem Titelsong des am Freitag (15.03.2013) ver&ouml;ffentlichten brandneuen Albums &quot;Endstation Sehnsucht&quot; in der Sendung &quot;Das Fr&uuml;hlingsfest der 100.000 Bl&uuml;ten&quot; &#8211; der &uuml;berraschenden Show von Florian Silbereisen &#8211; wurden Martin und Freddy mit ihrer ersten &quot;Goldenen Schallplatte&quot; geehrt. Passend zum Sendungstitel n&auml;mlich hat ihr &quot;Best Of&quot; Album mittlerweile die magische Grenze von 100.000 verkauften Einheiten &uuml;berschritten (wie <em>smago! <\/em>zu Ohren gekommen ist, sogar <em>weit<\/em> &uuml;berschritten&#8230;).<\/p>\n<p>Freddy sprang Florian Silbereisen vor Freude wie ein kleines &quot;Klammer&auml;ffchen&quot; an. Und Florian Silbereisen w&auml;re nicht Florian Silbereisen, h&auml;tte er sich nicht auch noch auf der anschlie&szlig;enden After-Show-Party k&ouml;stlich dar&uuml;ber am&uuml;siert.<\/p>\n<p>Die erste Goldene Schallplatte kr&ouml;nt somit das 10- (mittlerweile fast schon 11-)j&auml;hrige B&uuml;hnenjubil&auml;um von Martin und Freddy als &quot;Fantasy&quot;. Und alle g&ouml;nnen es ihnen!<\/p>\n<p>Allen voran ihr Ex-Produzent und Ex-Labelchef Michael Dorth (&quot;Radiola Records&quot;). Er und Heike Hielscher (= Denise) schrieben am gestrigen Sonntag (17.03.2013) via Facebook:<\/p>\n<p>&nbsp;<\/p>\n<p style=\"text-align: justify;\"><em>&quot;Lieber Freddy,<br \/>\nLieber Martin,<\/p>\n<p>herzlichen Gl&uuml;ckwunsch zur Goldenen CD&#8230;<\/p>\n<p>Euer Auftritt (&#8230;) bei Florian Silbereisen war super. Wir w&uuml;nschen Euch weiterhin viel Erfolg und bleibt so, wie ihr seid.<\/p>\n<p>Liebe Gr&uuml;&szlig;e<\/p>\n<p>Heike und Michael&quot;<\/em><\/p>\n<p>\n<em>smago! <\/em>meint: Das zeigt wahre Gr&ouml;&szlig;e!<\/p>\n<p>\nEin weiterer Gl&uuml;ckwunsch folgte prompt von der Manfred Hertlein Veranstaltungs GmbH:<br \/>\n&nbsp;<\/p>\n<p style=\"text-align: justify;\"><em>&quot;Die Manfred Hertlein Veranstaltungs GmbH gratuliert Freddy und Martin von Fantasy, sowie &#39;afmmanagement GmbH&#39; herzlichst zu GOLD f&uuml;r das &#39;Best Of&#39; Album &#39;10 Jahre Fantasy&#39;. Wir freuen uns auf die 1. Solotournee mit Euch.&quot;<\/em><\/p>\n<p>\nDie Termine finden Sie auf <strong><a href=\"http:\/\/www.tourneen.com\">www.tourneen.com<\/a><\/strong>!<\/p>\n<p>\nUnd das sagen Martin und Freddy selbst&#8230;:<\/p>\n<p>&nbsp;<\/p>\n<p style=\"text-align: justify;\"><em>&quot;Liebe Freunde,<\/p>\n<p>wir sind einfach &uuml;berw&auml;ltigt &uuml;ber die GOLDAUSZEICHNUNG f&uuml;r unser Best Of Album.<\/p>\n<p>Es war eine tolle Sendung und wir m&ouml;chten uns bei allen Beteiligten bedanken und nat&uuml;rlich auch bei EUCH!<\/em><\/p>\n<p style=\"text-align: justify;\"><em>Euer Freddy und Martin&quot;<\/em><\/p>\n<p><em>smago! <\/em>reiht sich sehr, sehr gerne in die Reihe der Gratulantenschar ein.<\/p>\n<p>Ein Satz steht &uuml;ber allen anderen: <em>&quot;Bleibt so, wie Ihr seid!&quot;. <\/em><\/p>\n<p>Dass sie so bleiben, wie sie sind, daran hat <em>smago! <\/em>im &Uuml;brigen nicht die geringsten Zweifel&#8230;<\/p>\n<p>Und f&uuml;r ihr berufliches Umfeld hei&szlig;t es jetzt: cool bleiben. Denn nat&uuml;rlich kommen jetzt all die Schulterklopfer aus ihren L&ouml;chern, die&#39;s ja &quot;schon immer gewusst haben&quot;. Aber auch dar&uuml;ber m&uuml;ssen wir uns &uuml;berhaupt keine Sorgen machen. Denn Fantasy sind momentan sehr, sehr gut aufgehoben.<\/p>\n<p>Martin und Freddy sind diese Woche &uuml;brigens noch auf &quot;Centerpromotion&quot; Tour leibhaftig zu erleben (kalkulieren Sie bitte ausreichend Wartezeit ein, der Andrang ist enorm&#8230;) &#8211; Termine unter <strong><a href=\"http:\/\/www.centerpromotion.de\">www.centerpromotion.de<\/a><\/strong>!<\/p>\n<p>Andy Tichler, Chefredakteur www.smago.de<\/p>\n<p><\/p>\n","protected":false},"excerpt":{"rendered":"<p>Florian Silbereisen \u00fcberraschte die &#8222;Pink Panther des deutschen Popschlagers&#8220; live in seiner &#8222;Fr\u00fchlingsfest&#8220; Show mit einer Goldenen Schallplatte f\u00fcr mehr<\/p>\n","protected":false},"author":2,"featured_media":118091,"comment_status":"open","ping_status":"open","sticky":false,"template":"","format":"standard","meta":{"_FSMCFIC_featured_image_caption":"","_FSMCFIC_featured_image_nocaption":"","_FSMCFIC_featured_image_hide":""},"categories":[28],"tags":[],"acf":[],"_links":{"self":[{"href":"https:\/\/smago.de\/ws2\/wp-json\/wp\/v2\/posts\/118090"}],"collection":[{"href":"https:\/\/smago.de\/ws2\/wp-json\/wp\/v2\/posts"}],"about":[{"href":"https:\/\/smago.de\/ws2\/wp-json\/wp\/v2\/types\/post"}],"author":[{"embeddable":true,"href":"https:\/\/smago.de\/ws2\/wp-json\/wp\/v2\/users\/2"}],"replies":[{"embeddable":true,"href":"https:\/\/smago.de\/ws2\/wp-json\/wp\/v2\/comments?post=118090"}],"version-history":[{"count":0,"href":"https:\/\/smago.de\/ws2\/wp-json\/wp\/v2\/posts\/118090\/revisions"}],"wp:featuredmedia":[{"embeddable":true,"href":"https:\/\/smago.de\/ws2\/wp-json\/wp\/v2\/media\/118091"}],"wp:attachment":[{"href":"https:\/\/smago.de\/ws2\/wp-json\/wp\/v2\/media?parent=118090"}],"wp:term":[{"taxonomy":"category","embeddable":true,"href":"https:\/\/smago.de\/ws2\/wp-json\/wp\/v2\/categories?post=118090"},{"taxonomy":"post_tag","embeddable":true,"href":"https:\/\/smago.de\/ws2\/wp-json\/wp\/v2\/tags?post=118090"}],"curies":[{"name":"wp","href":"https:\/\/api.w.org\/{rel}","templated":true}]}}