{"id":114370,"date":"2013-06-28T00:00:00","date_gmt":"2013-06-28T00:00:00","guid":{"rendered":"https:\/\/smago.de\/ws\/?p=114370"},"modified":"-0001-11-30T00:00:00","modified_gmt":"-0001-11-29T22:00:00","slug":"TOM-MATHIS-Persoenliches-Gruss-114369","status":"publish","type":"post","link":"https:\/\/smago.de\/ws2\/pop-schlager\/TOM-MATHIS-Persoenliches-Gruss-114369\/","title":{"rendered":"TOM MATHIS <br \/> Pers\u00f6nliches Gru\u00df-Wort von Tom Mathias an seine Fans&#8230;"},"content":{"rendered":"<p>&#8230;anl\u00e4sslich der Ver\u00f6ffentlichung seiner Deb\u00fct-CD &#8222;Merci f\u00fcr deine Liebe&#8220;!\u00a0 <!-more-><\/p>\n<p><em>Meine lieben Freunde, Chers Amis,<\/em><br \/>\n&nbsp;<\/p>\n<p><em>ich kann es noch gar nicht richtig glauben, aber diesen Freitag ist es bereits soweit:<br \/>\n&nbsp;<br \/>\nMein Deb&uuml;t-Album &quot;Merci f&uuml;r deine Liebe&quot; steht dann endlich in den Regalen!<\/p>\n<p>F&uuml;r mich ist das ein sehr gro&szlig;er Moment und ich bin bereits jetzt schon ganz gespannt, wie es euch gefallen wird.<\/em><\/p>\n<p><em>&nbsp;<\/p>\n<p>Euer<\/p>\n<p>Tom<\/em><\/p>\n<p>\n<strong><a href=\"https:\/\/www.facebook.com\/TomMathisMusik\">ZUR FACEBOOK-SEITE VON TOM MATHIS&#8230;:<\/a><\/strong><\/p>\n<p>Facebook-Seite von Tom Mathis (Textvorlage)<\/p>\n<p><\/p>\n","protected":false},"excerpt":{"rendered":"<p>&#8230;anl\u00e4sslich der Ver\u00f6ffentlichung seiner Deb\u00fct-CD &#8222;Merci f\u00fcr deine Liebe&#8220;!\u00a0 Meine lieben Freunde, Chers Amis, &nbsp; ich kann es noch gar<\/p>\n","protected":false},"author":2,"featured_media":114371,"comment_status":"open","ping_status":"open","sticky":false,"template":"","format":"standard","meta":{"_FSMCFIC_featured_image_caption":"","_FSMCFIC_featured_image_nocaption":"","_FSMCFIC_featured_image_hide":""},"categories":[28],"tags":[],"acf":[],"_links":{"self":[{"href":"https:\/\/smago.de\/ws2\/wp-json\/wp\/v2\/posts\/114370"}],"collection":[{"href":"https:\/\/smago.de\/ws2\/wp-json\/wp\/v2\/posts"}],"about":[{"href":"https:\/\/smago.de\/ws2\/wp-json\/wp\/v2\/types\/post"}],"author":[{"embeddable":true,"href":"https:\/\/smago.de\/ws2\/wp-json\/wp\/v2\/users\/2"}],"replies":[{"embeddable":true,"href":"https:\/\/smago.de\/ws2\/wp-json\/wp\/v2\/comments?post=114370"}],"version-history":[{"count":0,"href":"https:\/\/smago.de\/ws2\/wp-json\/wp\/v2\/posts\/114370\/revisions"}],"wp:featuredmedia":[{"embeddable":true,"href":"https:\/\/smago.de\/ws2\/wp-json\/wp\/v2\/media\/114371"}],"wp:attachment":[{"href":"https:\/\/smago.de\/ws2\/wp-json\/wp\/v2\/media?parent=114370"}],"wp:term":[{"taxonomy":"category","embeddable":true,"href":"https:\/\/smago.de\/ws2\/wp-json\/wp\/v2\/categories?post=114370"},{"taxonomy":"post_tag","embeddable":true,"href":"https:\/\/smago.de\/ws2\/wp-json\/wp\/v2\/tags?post=114370"}],"curies":[{"name":"wp","href":"https:\/\/api.w.org\/{rel}","templated":true}]}}