{"id":113971,"date":"2013-07-06T00:00:00","date_gmt":"2013-07-06T00:00:00","guid":{"rendered":"https:\/\/smago.de\/ws\/?p=113971"},"modified":"-0001-11-30T00:00:00","modified_gmt":"-0001-11-29T22:00:00","slug":"KARIMA-Maxi-CD-Rio-de-Janeiro-113970","status":"publish","type":"post","link":"https:\/\/smago.de\/ws2\/pop-schlager\/KARIMA-Maxi-CD-Rio-de-Janeiro-113970\/","title":{"rendered":"KARIMA <br \/> Maxi-CD &quot;Rio de Janeiro&quot; ab 19.07.2013 erh\u00e4ltlich!"},"content":{"rendered":"<p>Karima erzeugt nicht nur ein pures Sommer-Feeling, sondern bringt uns die Copacabana tats\u00e4chlich ein St\u00fcck n\u00e4her&#8230;:\u00a0 <!-more-><\/p>\n<p style=\"text-align: justify;\"><font class=\"copytext\">Der Sommer steht in den Startl&ouml;chern und passend zu der sch&ouml;nsten Zeit des Jahres liefert Karima uns den perfekten Soundtrack.<\/p>\n<p>&bdquo;Rio de Janeiro&ldquo; hat alles, was ein Sommerhit braucht: Hei&szlig;e Rhythmen, gute Laune und eine Stimme, bei der die Sonne von selber anf&auml;ngt zu strahlen.<\/p>\n<p>Karima erzeugt nicht nur ein pures Sommer-Feeling, sondern bringt uns die Copacabana tats&auml;chlich ein St&uuml;ck n&auml;her.<\/p>\n<p>Gleichzeitig gibt sie mit &bdquo;Rio de Janeiro&ldquo; ihr TV-Deb&uuml;t bei &bdquo;Immer wieder Sonntags&ldquo; mit Stefan Mross und sorgt auch dort f&uuml;r ein unverwechselbares Sommergef&uuml;hl.<\/font><\/p>\n<p>KPP Production<\/p>\n<p><\/p>\n","protected":false},"excerpt":{"rendered":"<p>Karima erzeugt nicht nur ein pures Sommer-Feeling, sondern bringt uns die Copacabana tats\u00e4chlich ein St\u00fcck n\u00e4her&#8230;:\u00a0 Der Sommer steht in<\/p>\n","protected":false},"author":2,"featured_media":113972,"comment_status":"open","ping_status":"open","sticky":false,"template":"","format":"standard","meta":{"_FSMCFIC_featured_image_caption":"","_FSMCFIC_featured_image_nocaption":"","_FSMCFIC_featured_image_hide":""},"categories":[28],"tags":[],"acf":[],"_links":{"self":[{"href":"https:\/\/smago.de\/ws2\/wp-json\/wp\/v2\/posts\/113971"}],"collection":[{"href":"https:\/\/smago.de\/ws2\/wp-json\/wp\/v2\/posts"}],"about":[{"href":"https:\/\/smago.de\/ws2\/wp-json\/wp\/v2\/types\/post"}],"author":[{"embeddable":true,"href":"https:\/\/smago.de\/ws2\/wp-json\/wp\/v2\/users\/2"}],"replies":[{"embeddable":true,"href":"https:\/\/smago.de\/ws2\/wp-json\/wp\/v2\/comments?post=113971"}],"version-history":[{"count":0,"href":"https:\/\/smago.de\/ws2\/wp-json\/wp\/v2\/posts\/113971\/revisions"}],"wp:featuredmedia":[{"embeddable":true,"href":"https:\/\/smago.de\/ws2\/wp-json\/wp\/v2\/media\/113972"}],"wp:attachment":[{"href":"https:\/\/smago.de\/ws2\/wp-json\/wp\/v2\/media?parent=113971"}],"wp:term":[{"taxonomy":"category","embeddable":true,"href":"https:\/\/smago.de\/ws2\/wp-json\/wp\/v2\/categories?post=113971"},{"taxonomy":"post_tag","embeddable":true,"href":"https:\/\/smago.de\/ws2\/wp-json\/wp\/v2\/tags?post=113971"}],"curies":[{"name":"wp","href":"https:\/\/api.w.org\/{rel}","templated":true}]}}