{"id":113875,"date":"2013-07-09T00:00:00","date_gmt":"2013-07-09T00:00:00","guid":{"rendered":"https:\/\/smago.de\/ws\/?p=113875"},"modified":"-0001-11-30T00:00:00","modified_gmt":"-0001-11-29T22:00:00","slug":"SEBASTIAN-CHARELLE-smago-exklu-113874","status":"publish","type":"post","link":"https:\/\/smago.de\/ws2\/pop-schlager\/SEBASTIAN-CHARELLE-smago-exklu-113874\/","title":{"rendered":"SEBASTIAN CHARELLE <br \/> smago! exklusiv vorab: Die CD &quot;Verr\u00fcckt nach Meer&quot; &#8211; besprochen von Ute Br\u00fcning!"},"content":{"rendered":"<p>Warum das Album ihrer Meinung nach in jede Schlagersammlung geh\u00f6rt&#8230;:\u00a0 <!-more-><\/p>\n<p style=\"text-align: justify;\"><em>&bdquo;Verr&uuml;ckt nach Meer&ldquo; so hei&szlig;t das aktuelle Album von Sebastian Charelle. Der sympathische K&uuml;nstler aus dem hohen Norden, dessen Karriere ich bereits seit einigen Jahren verfolge stellt auf dem neuen Album 17 Titel voller Gef&uuml;hl vor. Bereits 2008 habe ich sein Album &bdquo;Tr&auml;ume kann man leben!&ldquo; vorgestellt. Und genau dieses Motto hat er sich zu Herzen genommen und stetig an seinem Traum von der Schlagerkarriere gearbeitet.<\/p>\n<p>Mit dem bei der Gruppe Solid Gold entliehenen Titel &bdquo;Man stirbt nicht an Liebe&ldquo; startet das Album. Der Song setzt auch bereits ein Zeichen f&uuml;r tanzbaren Schlager mit Texten, die Mut machen &ndash; das setzt sich auch bei den weiteren Titeln fort.<\/em><\/p>\n<p><em>&bdquo;Verr&uuml;ckt nach Meer&ldquo; ist der Titel des Albums und auch Songtitel des zweiten Songs auf dem Album. Es ist die Sehnsucht nach dem Meer, die hier zum Ausdruck kommt. Ein Liebeslied f&uuml;r die Region am Meer. Sch&ouml;ner Popsong zu dem Thema. Man kann das Meer auch lieben ohne Shantys zu singen.<\/em><\/p>\n<p><em>Wer hat sie nicht? &bdquo;Hunderttausend W&uuml;nsche&ldquo; &#8211; auch Sebastian Charelle scheint unz&auml;hlige W&uuml;nsche zu haben, aber er ist der richtigen Fee begegnet. Und mit viel Tempo huldigt er seiner Wunschfee. Sch&ouml;n, wenn man so einen tollen Menschen getroffen hat.<\/em><\/p>\n<p><em>Ab auf die Tanzfl&auml;che mit viel guter Laune bei &bdquo;Heut ist dein Tag&ldquo; &#8211; und wieder viel positive Power, die gute Laune macht! Sch&ouml;n wenn man sp&uuml;rt: &bdquo;Heut ist dein Tag&ldquo;.<\/em><\/p>\n<p><em>Bars mit dem Namen &bdquo;Wunderbar&ldquo; gibt es mittlerweile in mehreren St&auml;dten. Sch&ouml;n wenn man dort wunderbaren Menschen begegnet, die das gesamte Leben ver&auml;ndern. Ich glaube nach den positiven Erfahrungen von Sebastian Charelle sollte ich da auch mal hingehen.<\/em><\/p>\n<p><em>Mit viel Gef&uuml;hl geht es dann um den Glanz in ihren Augen. Es ist der Moment, in dem man sp&uuml;rt, dass die Liebe nun da ist. Gro&szlig;e Gef&uuml;hle wundervoll umgesetzt und genau darum bedeutet der Titel &bdquo;Glanz in deinen Augen&ldquo;, der Sebastians erste Radio-Single war, ihm so viel.<\/p>\n<p>Das Liebeslied f&uuml;r &bdquo;Angelica&ldquo; folgt darauf. Armin Pertl, der auch f&uuml;r Nicole arbeitet, steuerte bei dem temperamentvollen Song den Text bei.<\/em><\/p>\n<p><em>Auf jedem Album, das ich so h&ouml;re gibt es einen Song, der mich sofort ber&uuml;hrt. Bei diesem Album war es auf einer Heimfahrt im Auto der Titel &bdquo;H&ouml;r nicht auf zu tr&auml;umen&ldquo;, den ich mir ab sofort auf meine Fahnen schreiben werde. Genau diese Botschaft habe ich genau in dem Moment gebraucht! Danke daf&uuml;r!<\/p>\n<p>Eine alte Bekannte h&ouml;re ich auf dem Album auch wieder. &bdquo;Julia&ldquo; erklang bereits auf dem am Anfang erw&auml;hnten Album &bdquo;Tr&auml;ume kann man leben&ldquo;. Der Song ist eben einfach stark und extrem eing&auml;ngig. Der Ohrwurm wird Sebastian bestimmt noch lange begleiten.<\/p>\n<p>&bdquo;Kein Vergleich mit Dir (Mein Norddeeutschland)&ldquo; ist ein weiteres Liebeslied an die Heimat von Sebastian Charelle. Tobias Reitz steuerte diese Hymne an die Heimat bei.<\/em><\/p>\n<p><em>Auch der folgende Text zu &bdquo;Ich schenk dir meine Fehler&ldquo; ist von Tobias Reitz. Toll wenn man jemand gefunden hat, dem man seine Fehler schenken kann, der in jeder Situation zu einem steht. Und eben auch die gro&szlig;artigste Liebeserkl&auml;rung, die es gibt. Gef&uuml;hle pur!<\/p>\n<p>Es gibt Menschen, die sind wie &bdquo;Feuer und Eis&ldquo; und man ist sich seiner Gef&uuml;hle nicht sicher. Manchmal wei&szlig; man eben nicht sofort wohin die Reise geht.<\/em><\/p>\n<p><em>Mut machen will er bei &bdquo;Carolina (geboren f&uuml;r das Gl&uuml;ck)&ldquo;. Auch nach dem Ende einer Beziehung geht das Leben weiter und dann kehrt auch die Sonne in das Leben zur&uuml;ck.<\/em><\/p>\n<p><em>Ich denke wenn Sebastian Charelle singt &bdquo;Du bist mein Kuschelschlager&ldquo; ist es das gr&ouml;&szlig;te Kompliment. Der begeisterte Schlagers&auml;nger lebt voll f&uuml;r die Musik und wenn er dann so einen Song singt, dann meint er das auch so.<\/em><\/p>\n<p><em>Ein flotter Popschlager ist &bdquo;Vor meinem Radio&ldquo;. Der Song hat Tempo und Temperament! Ich plane ja auch zuk&uuml;nftig mal im Webradio zu senden, da geh&ouml;rt dann der Song bestimmt zu meinem Programm.<\/em><\/p>\n<p><em>Genau das sollte man viel &ouml;fter machen: &bdquo;Alles auf Anfang&ldquo; setzen. Mit neuen Zielen neu durchstarten, das gibt den neuen Kick! Gute Idee! Vielen Dank!<\/em><\/p>\n<p><em>Mit einem Ohrwurm, den Pierre Kartner schrieb, und ein bisschen Rock&#39;n Roll-Feeling endet das Album. &bdquo;Sha-la-lie (ich bin verliebt)&ldquo;. Den Song kriegt man gar nicht wieder aus dem Kopf und singt den Refrain den ganzen Tag! Genau darum m&ouml;gen ihn auch bereits so viele Fans aus den Rundfunkoprogrammen.<\/em><\/p>\n<p><em>Ich kenne Sebastian nun schon einige Jahre, wenn ich seine Karriere auch nicht so intensiv verfolge, aber ich wei&szlig; dass er sehr flei&szlig;ig an seinem Traum von der Gesangskarriere arbeitet. Er hat es verdient, wenn es nun endlich aufw&auml;rts geht!<\/em><\/p>\n<p><em>Dieses Album wird ihn auf jeden Fall noch bekannter machen! Es ist ein Meilenstein f&uuml;r die Karriere des sympathischen K&uuml;nstlers! Und diese wundersch&ouml;ne Stimme, die man sofort wiedererkennt hat es total verdient viel h&auml;ufiger im Radio zu erklingen.<\/em><\/p>\n<p><em>Ich hab mich sofort in dieses Gute-Laune-Album verliebt! Sch&ouml;ne Songs, die gut tun und ins Ohr gehen. Mit jedem h&ouml;ren werde ich s&uuml;chtiger nach dieser Stimme und diesen Songs! Es wird mich definitiv durch diesen Somemr begleiten und es geh&ouml;rt meiner Meinung nach&nbsp; in jede Schlagersammlung!!<\/em><\/p>\n<p style=\"text-align: justify;\">&nbsp;<\/p>\n<p style=\"text-align: justify;\"><em>Ute Br&uuml;ning<\/em><\/p>\n<p>smago! exklusiv vorab &#8211; Mit bestem Dank an www.fox-magazin.de, Ute Br\u00fcning<br \/>http:\/\/www.telamo.de<br \/>http:\/\/www.sebastiancharelle.de<\/p>\n","protected":false},"excerpt":{"rendered":"<p>Warum das Album ihrer Meinung nach in jede Schlagersammlung geh\u00f6rt&#8230;:\u00a0 &bdquo;Verr&uuml;ckt nach Meer&ldquo; so hei&szlig;t das aktuelle Album von Sebastian<\/p>\n","protected":false},"author":2,"featured_media":113876,"comment_status":"open","ping_status":"open","sticky":false,"template":"","format":"standard","meta":{"_FSMCFIC_featured_image_caption":"","_FSMCFIC_featured_image_nocaption":"","_FSMCFIC_featured_image_hide":""},"categories":[28],"tags":[],"acf":[],"_links":{"self":[{"href":"https:\/\/smago.de\/ws2\/wp-json\/wp\/v2\/posts\/113875"}],"collection":[{"href":"https:\/\/smago.de\/ws2\/wp-json\/wp\/v2\/posts"}],"about":[{"href":"https:\/\/smago.de\/ws2\/wp-json\/wp\/v2\/types\/post"}],"author":[{"embeddable":true,"href":"https:\/\/smago.de\/ws2\/wp-json\/wp\/v2\/users\/2"}],"replies":[{"embeddable":true,"href":"https:\/\/smago.de\/ws2\/wp-json\/wp\/v2\/comments?post=113875"}],"version-history":[{"count":0,"href":"https:\/\/smago.de\/ws2\/wp-json\/wp\/v2\/posts\/113875\/revisions"}],"wp:featuredmedia":[{"embeddable":true,"href":"https:\/\/smago.de\/ws2\/wp-json\/wp\/v2\/media\/113876"}],"wp:attachment":[{"href":"https:\/\/smago.de\/ws2\/wp-json\/wp\/v2\/media?parent=113875"}],"wp:term":[{"taxonomy":"category","embeddable":true,"href":"https:\/\/smago.de\/ws2\/wp-json\/wp\/v2\/categories?post=113875"},{"taxonomy":"post_tag","embeddable":true,"href":"https:\/\/smago.de\/ws2\/wp-json\/wp\/v2\/tags?post=113875"}],"curies":[{"name":"wp","href":"https:\/\/api.w.org\/{rel}","templated":true}]}}