{"id":108964,"date":"2013-12-05T00:00:00","date_gmt":"2013-12-05T00:00:00","guid":{"rendered":"https:\/\/smago.de\/ws\/?p=108964"},"modified":"-0001-11-30T00:00:00","modified_gmt":"-0001-11-29T22:00:00","slug":"DIE-CAPPUCCINOS-Ja-ist-denn-he-108963","status":"publish","type":"post","link":"https:\/\/smago.de\/ws2\/schlager\/DIE-CAPPUCCINOS-Ja-ist-denn-he-108963\/","title":{"rendered":"DIE CAPPUCCINOS <br \/> Ja ist denn heut&#39; schon Weihnachten&#8230;? &#8211; f\u00fcr zwei der &#39;Cappuccinos&#39; tats\u00e4chlich ja!"},"content":{"rendered":"<p>Andere L\u00e4nder &#8211; andere Sitten&#8230;:\u00a0 <!-more-><\/p>\n<p>Ren&eacute; und Mich&egrave;l Ursinus von der Gruppe DIE CAPPUCCINOS k&ouml;nnen die Frage &quot;Ja ist denn heut&#39; schon Weihnachten&quot; am heutigen Donnerstag (5. Dezember 2013) tats&auml;chlich mit einem klaren &quot;Ja&quot; beantworten.<\/p>\n<p>Getreu dem Motto &quot;andere L&auml;nder &#8211; andere Sitten&quot; feiern die Holl&auml;nder ihr Weihnachten n&auml;mlich in der Tat 19 Tage vor uns. In Holland wird auch nicht Weihnachten gefeiert, sondern Sinterklaas.<\/p>\n<p>Sinterklaas ist die niederl&auml;ndische Bezeichnung f&uuml;r Nikolaus von Myra. Als Sinterklaas ist er Hauptfigur eines Kinderfestes, das am 5. Dezember in den Niederlanden, am 6. Dezember in Belgien und in vielen ehemaligen niederl&auml;ndischen Kolonien gefeiert wird. Ein typischer Begleiter des Sinterklaas ist sein Helfer der Zwarte Piet.<\/p>\n<p style=\"text-align: justify;\">Der &Uuml;berlieferung nach reitet Sinterklaas auf einem Schimmel &uuml;ber die D&auml;cher und kommt mit seinem Helfer Zwarte Piet durch den Schornstein in die H&auml;user, um den dort wohnenden Kindern Geschenke zu bringen. Er tr&auml;gt dazu seine Bischofskleidung, einen roten Talar und einen Bischofsstab.<\/p>\n<p>Viele Traditionen gehen dabei zur&uuml;ck auf den heiligen Nikolaus von Myra, dessen Sterbetag der 6. Dezember ist. Urspr&uuml;nglich wurde Sint-Nicolaas nur im Osten gefeiert. Im 13. Jahrhundert beschloss man, dass sein Namenstag auch im Westen zu einem wichtigen Festtag werden sollte. In dieser Zeit wurde das Sinterklaasfest in Utrecht bereits dadurch gefeiert, dass die Schuhe von armen Kindern mit Geldst&uuml;cken gef&uuml;llt wurden. In anderen St&auml;dten wurde an diesem Tag auch einiges f&uuml;r die Armen getan.<\/p>\n<p>Nach dem niederl&auml;ndischen Aufstand gegen Philipp II. von Spanien versuchten Kirchenkreise das Sinterklaasfest abzuschaffen, weil dies zu viele heidnische und katholische Elemente enthielte. Das Fest war aber selbst bei der &uuml;berwiegend protestantischen Bev&ouml;lkerung schon so popul&auml;r geworden, dass dieses Bestreben wenig Erfolg zeigte.<\/p>\n<p>Heutzutage ist der Nikolaustag als gesetzlicher Feiertag weltweit abgeschafft.<\/p>\n<p>Andy Tichler, Chefredakteur www.smago.de; Wikipedia.de (Textvorlage)<\/p>\n<p>http:\/\/www.die-cappuccinos.com<\/p>\n","protected":false},"excerpt":{"rendered":"<p>Andere L\u00e4nder &#8211; andere Sitten&#8230;:\u00a0 Ren&eacute; und Mich&egrave;l Ursinus von der Gruppe DIE CAPPUCCINOS k&ouml;nnen die Frage &quot;Ja ist denn<\/p>\n","protected":false},"author":2,"featured_media":108965,"comment_status":"open","ping_status":"open","sticky":false,"template":"","format":"standard","meta":{"_FSMCFIC_featured_image_caption":"","_FSMCFIC_featured_image_nocaption":"","_FSMCFIC_featured_image_hide":""},"categories":[29],"tags":[],"acf":[],"_links":{"self":[{"href":"https:\/\/smago.de\/ws2\/wp-json\/wp\/v2\/posts\/108964"}],"collection":[{"href":"https:\/\/smago.de\/ws2\/wp-json\/wp\/v2\/posts"}],"about":[{"href":"https:\/\/smago.de\/ws2\/wp-json\/wp\/v2\/types\/post"}],"author":[{"embeddable":true,"href":"https:\/\/smago.de\/ws2\/wp-json\/wp\/v2\/users\/2"}],"replies":[{"embeddable":true,"href":"https:\/\/smago.de\/ws2\/wp-json\/wp\/v2\/comments?post=108964"}],"version-history":[{"count":0,"href":"https:\/\/smago.de\/ws2\/wp-json\/wp\/v2\/posts\/108964\/revisions"}],"wp:featuredmedia":[{"embeddable":true,"href":"https:\/\/smago.de\/ws2\/wp-json\/wp\/v2\/media\/108965"}],"wp:attachment":[{"href":"https:\/\/smago.de\/ws2\/wp-json\/wp\/v2\/media?parent=108964"}],"wp:term":[{"taxonomy":"category","embeddable":true,"href":"https:\/\/smago.de\/ws2\/wp-json\/wp\/v2\/categories?post=108964"},{"taxonomy":"post_tag","embeddable":true,"href":"https:\/\/smago.de\/ws2\/wp-json\/wp\/v2\/tags?post=108964"}],"curies":[{"name":"wp","href":"https:\/\/api.w.org\/{rel}","templated":true}]}}