{"id":108772,"date":"2013-12-12T00:00:00","date_gmt":"2013-12-12T00:00:00","guid":{"rendered":"https:\/\/smago.de\/ws\/?p=108772"},"modified":"-0001-11-30T00:00:00","modified_gmt":"-0001-11-29T22:00:00","slug":"HANSI-HINTERSEER-Heut-ist-Dein-108771","status":"publish","type":"post","link":"https:\/\/smago.de\/ws2\/volksmusik\/HANSI-HINTERSEER-Heut-ist-Dein-108771\/","title":{"rendered":"HANSI HINTERSEER <br \/> &quot;Heut&#39; ist Dein Tag&quot; \u2013 Jubil\u00e4ums-Edition (V\u00d6 17.01.) und gro\u00dfe Jubil\u00e4umstournee 2014!"},"content":{"rendered":"<p>HIER blickt Hansi auf seine 20-j\u00e4hrige B\u00fchnenkarriere zur\u00fcck&#8230;:\u00a0 <!-more-><\/p>\n<p style=\"text-align: justify;\"><span style=\"FONT-SIZE: 10pt; FONT-FAMILY: \u00b4Arial\u00b4,\u00b4sans-serif\u00b4; COLOR: #595959\">2014 ist DAS Jubil&auml;umsjahr f&uuml;r <strong>HANSI HINTERSEER<\/strong>: Der sympathische Tiroler feiert <strong>20 Jahre B&uuml;hnenkarriere<\/strong> und zudem steht auch noch sein <strong>60. Geburtstag<\/strong> an!<\/span><\/p>\n<p style=\"text-align: justify;\"><span style=\"FONT-SIZE: 10pt; FONT-FAMILY: \u00b4Arial\u00b4,\u00b4sans-serif\u00b4; COLOR: #595959\">Um das geh&ouml;rig mit seinen treuen Fans zu feiern, geht <strong>Hansi Hinterseer<\/strong> nicht nur im Fr&uuml;hjahr 2014 auf <strong>gro&szlig;e Jubil&auml;umstournee<\/strong>, sondern pr&auml;sentiert auch seine aktuelle CD in einer <strong>&bdquo;Jubil&auml;ums-Edition&ldquo;<\/strong>. Neben dem Original-Album <strong>&bdquo;Heut&lsquo; ist Dein Tag&ldquo;<\/strong> gibt es auf einer zweiten CD <strong>zehn seiner Lieblingssongs aus seiner 20-j&auml;hrigen Gesangskarriere<\/strong>, die er extra neu eingespielt hat. Hits wie <strong>&bdquo;Da wo die Berge sind&ldquo;<\/strong>, <strong>&bdquo;Der alte Silbermond&ldquo;<\/strong>, <strong>&bdquo;Sch&ouml;ne M&auml;dchen sind zum K&uuml;ssen da&ldquo;<\/strong> und &bdquo;<strong>Eine Nacht in Monte Carlo&ldquo;<\/strong> sind allesamt in neuen modernen Versionen vertreten. Als Extra bietet die Jubil&auml;ums-Edition den <strong>frischen Club-Mix &bdquo;Lebensl&auml;nglich mit Dir&ldquo;<\/strong> und dar&uuml;ber hinaus mit <strong>&bdquo;Weil Du mein Schatz bist&ldquo;<\/strong> eine brandaktuelle Neuaufnahme. Als weitere Zugabe beinhaltet die Jubil&auml;ums-Edition eine <strong>DVD mit zehn Hit-Video-Clips<\/strong> (u.a. <strong>&bdquo;Ich hab ein Herz f&uuml;r die Berge&ldquo;<\/strong>, <strong>&bdquo;Im siebten Himmel&ldquo;<\/strong> und <strong>&bdquo;Das Leben ist sch&ouml;n&ldquo;<\/strong>), die <strong>Hansi<\/strong> pers&ouml;nlich ausgew&auml;hlt hat &ndash; eben das Beste aus 20 Jahren einer einmaligen B&uuml;hnenkarriere!<\/span><\/p>\n<p><em>&bdquo;Leitln, wie die Zeit verfliegt! Dieses spezielle Album ist eine gute Mischung aus beidem &#8211; Altbekanntem und Neuem, Frischem. In zwanzig Jahren kommt da ein bissl was zusammen und wir nehmen uns da das Beste zum Jubil&auml;um raus! Die beliebtesten Lieder und Clips, meine pers&ouml;nlichen Favoriten aus 20 Jahren einer unvergesslichen musikalischen Karriere, pr&auml;sentiere ich als Dankesch&ouml;n f&uuml;r viele Jahre Treue und Unterst&uuml;tzung &ndash; wenn man feiert, dann eben nur mit dem Besten!&ldquo;<\/em><\/p>\n<p><span style=\"FONT-SIZE: 10pt; FONT-FAMILY: \u00b4Arial\u00b4,\u00b4sans-serif\u00b4; COLOR: #595959\">Mit dem aktuellen Album <strong>&bdquo;Heut&#39; ist Dein Tag&ldquo;<\/strong>, das der <strong>Jubil&auml;ums-Edition<\/strong> auch den Namen gibt, ist <strong>Hansi Hinterseer<\/strong> mit der Ver&ouml;ffentlichung im Sommer 2013 der Hattrick gelungen! Nach Platz 1 in Deutschland und &Ouml;sterreich setzte er sich auch in D&auml;nemark an die Spitze der Charts und macht das Triple perfekt! Zudem durfte sich der sympathische Tiroler &uuml;ber Platz 6 in der Schweiz und Top 20 in Belgien freuen!<\/span><\/p>\n<p><em>&quot;Also was da passiert ist, das war wirklich unglaublich. Wie ich das geh&ouml;rt habe, da hat&#39;s mir die G&auml;nsehaut aufgezogen. Es ist toll, so viele treue Fans hinter mir zu haben und ich m&ouml;cht&#39; mich f&uuml;r die Unterst&uuml;tzung die vielen Jahre hindurch bedanken! Ich f&uuml;hl mich recht gut beieinander und habe bei dem, was ich tue, einen Riesenspa&szlig;. Ich denke, das spielt alles eine Rolle. Nicht, welcher Jahrgang im Ausweis steht. Und es ist nat&uuml;rlich auch ein bisserl Gl&uuml;ckssache. Ich genie&szlig;e jeden Tag und versuche stets, alles noch ein bisschen besser zu machen und Freude zu bringen mit meiner Musik.&quot;<\/em><\/p>\n<p style=\"text-align: justify;\"><span style=\"FONT-SIZE: 10pt; FONT-FAMILY: \u00b4Arial\u00b4,\u00b4sans-serif\u00b4; COLOR: #595959\">F&uuml;r das Jubil&auml;umsjahr hat der volkst&uuml;mliche Superstar noch eine Reihe von &Uuml;berraschungen im Gep&auml;ck. Verraten wird hier zun&auml;chst nur, dass <strong>Hansi Hinterseer<\/strong> zum Jahresbeginn bei <strong>Madame Tussauds<\/strong> <strong>in Wien<\/strong> Einzug halten wird und nach der <strong>Jubil&auml;umstournee<\/strong> (mit &uuml;ber 40 Konzerten) im elften Jahr in der T&uuml;rkei f&uuml;r eine Woche auf Fan-Reise ausspannt.<\/span><\/p>\n<p>&nbsp;<\/p>\n<p style=\"text-align: justify;\">Infos und Termine unter <strong><a href=\"http:\/\/www.hansi-hinterseer.at\">www.hansi-hinterseer.at<\/a><\/strong> und <strong><a href=\"http:\/\/www.facebook.com\/HansiOffiziell\">www.facebook.com\/HansiOffiziell<\/a><\/strong>!<\/p>\n<p>\n&nbsp;<\/p>\n<p><strong>TV-TERMINE:<\/strong><\/p>\n<p>\n12.12.2013 &ndash; MDR, Weihnachten bei uns<br \/>\n24.12.2013 &ndash; BR, Weihnachten mit Carolin Reiber<br \/>\n24.12.2013 &ndash; ZDF, Heiligabend mit Carmen Nebel<\/p>\n<p>\n<strong>TOUR-TERMINE:<\/strong><\/p>\n<p>\n12.02.2014 &ndash; Landshut, Sparkassen Arena<br \/>\n13.02.2014 &ndash; Ingolstadt, Saturn Arena<br \/>\n14.02.2014 &ndash; Passau, Dreil&auml;nderhalle<br \/>\n15.02.2014 &ndash; Regensburg,&nbsp;Donau-Arena<br \/>\n16.02.2014 &ndash; N&uuml;rnberg,&nbsp;Frankenhalle<br \/>\n26.02.2014 &ndash; Bayreuth,&nbsp;Oberfrankenhalle<br \/>\n27.02.2014 &ndash; Frankfurt,&nbsp;Jahrhunderthalle<br \/>\n28.02.2014 &ndash; Koblenz, Conlog Arena<br \/>\n04.03.2014 &ndash; Bremerhaven,&nbsp;Stadthalle<br \/>\n05.03.2014 &ndash; Hamburg,&nbsp;CCH Saal 1<br \/>\n06.03.2014 &ndash; Kiel,&nbsp;Sparkassen Arena<br \/>\n11.03.2014 &ndash; Schwerin,&nbsp;Sport u. Kongresshalle<br \/>\n12.03.2014 &ndash; Hannover,&nbsp;Swiss Life Hall<br \/>\n13.03.2014 &ndash; Oberhausen,&nbsp;K&ouml;nig-P.- Arena<br \/>\n14.03.2014 &ndash; D&uuml;ren,&nbsp;Arena<br \/>\n15.03.2014 &ndash; Karlsruhe,&nbsp;Europahalle<br \/>\n19.03.2014 &ndash; M&uuml;nchen,&nbsp;Olympiahalle<br \/>\n20.03.2014 &ndash; Stuttgart,&nbsp;Schleyerhalle<br \/>\n07.04.2014 &ndash; Erfurt,&nbsp;Messe<br \/>\n08.04.2014 &ndash; Leipzig, Arena<br \/>\n09.04.2014 &ndash; Berlin,&nbsp;Tempodrom<br \/>\n10.04.2014 &ndash; Cottbus,&nbsp;Stadthalle<br \/>\n11.04.2014 &ndash; Riesa,&nbsp;ErdgasArena<br \/>\n12.04.2014 &ndash; Zwickau, Stadthalle<br \/>\n13.04.2014 &ndash; Fulda, Esperantohalle<br \/>\n14.04.2014 &ndash; Saarbr&uuml;cken, Saarlandhalle<br \/>\n16.04.2014 &ndash; Kempten,&nbsp;Big-Box<br \/>\n17.04.2014 &ndash; Neu-Ulm,&nbsp;Ratiopharm-Arena<br \/>\n20.04.2014 &ndash; Freiburg,&nbsp;Rothaus Arena<br \/>\n&nbsp;<\/p>\n<p>MCS Marketing &#038; Communication Services (Textvorlage)<br \/>http:\/\/www.ariola.de<br \/>http:\/\/www.hansi-hinterseer.at<\/p>\n","protected":false},"excerpt":{"rendered":"<p>HIER blickt Hansi auf seine 20-j\u00e4hrige B\u00fchnenkarriere zur\u00fcck&#8230;:\u00a0 2014 ist DAS Jubil&auml;umsjahr f&uuml;r HANSI HINTERSEER: Der sympathische Tiroler feiert 20<\/p>\n","protected":false},"author":2,"featured_media":108773,"comment_status":"open","ping_status":"open","sticky":false,"template":"","format":"standard","meta":{"_FSMCFIC_featured_image_caption":"","_FSMCFIC_featured_image_nocaption":"","_FSMCFIC_featured_image_hide":""},"categories":[30],"tags":[],"acf":[],"_links":{"self":[{"href":"https:\/\/smago.de\/ws2\/wp-json\/wp\/v2\/posts\/108772"}],"collection":[{"href":"https:\/\/smago.de\/ws2\/wp-json\/wp\/v2\/posts"}],"about":[{"href":"https:\/\/smago.de\/ws2\/wp-json\/wp\/v2\/types\/post"}],"author":[{"embeddable":true,"href":"https:\/\/smago.de\/ws2\/wp-json\/wp\/v2\/users\/2"}],"replies":[{"embeddable":true,"href":"https:\/\/smago.de\/ws2\/wp-json\/wp\/v2\/comments?post=108772"}],"version-history":[{"count":0,"href":"https:\/\/smago.de\/ws2\/wp-json\/wp\/v2\/posts\/108772\/revisions"}],"wp:featuredmedia":[{"embeddable":true,"href":"https:\/\/smago.de\/ws2\/wp-json\/wp\/v2\/media\/108773"}],"wp:attachment":[{"href":"https:\/\/smago.de\/ws2\/wp-json\/wp\/v2\/media?parent=108772"}],"wp:term":[{"taxonomy":"category","embeddable":true,"href":"https:\/\/smago.de\/ws2\/wp-json\/wp\/v2\/categories?post=108772"},{"taxonomy":"post_tag","embeddable":true,"href":"https:\/\/smago.de\/ws2\/wp-json\/wp\/v2\/tags?post=108772"}],"curies":[{"name":"wp","href":"https:\/\/api.w.org\/{rel}","templated":true}]}}