{"id":10339,"date":"2018-03-28T00:00:00","date_gmt":"2018-03-28T00:00:00","guid":{"rendered":"https:\/\/smago.de\/ws\/?p=10339"},"modified":"-0001-11-30T00:00:00","modified_gmt":"-0001-11-29T22:00:00","slug":"MADELINE-WILLERS-Madeline-Wille-10338","status":"publish","type":"post","link":"https:\/\/smago.de\/ws2\/pop-schlager\/MADELINE-WILLERS-Madeline-Wille-10338\/","title":{"rendered":"MADELINE WILLERS<br \/> Madeline Willers sang sich in die Herzen des Publikums bei G\u00fcntis Musikfestival in der Schweiz!"},"content":{"rendered":"<p>Seuzach im Kanton Z\u00fcrich in der Schweiz, war am Samstag (24.03.2018) Treffpunkt f\u00fcr begeisterte Schlagerfans aus \u00d6sterreich, Deutschland und der Schweiz!<!-more-><\/p>\n<p style=\"text-align: justify;\">Seuzach im Kanton Z&uuml;rich in der Schweiz, war am 24.03.2018 Treffpunkt f&uuml;r begeisterte Schlagerfans aus &Ouml;sterreich, Deutschland und der Schweiz. Hauptact von G&uuml;ntis ausverkauften Musikfestival 2018 war die 23-j&auml;hrige MADELINE WILLERS aus W&uuml;stenrot.<\/p>\n<p>Begleitet wurde die talentierte S&auml;ngerin von Mitgliedern aus ihrem Fanclub, die sehr weite Anfahrtswege in Kauf nahmen, um ihr Idol live zu sehen und zu h&ouml;ren. F&uuml;r zwei Fanclub-Mitglieder war es die erste Begegnung mit der herzlichen Madeline Willers, die sich vor ihrem Auftritt extra Zeit genommen hat, um ihre Fanclubmitglieder zu begr&uuml;&szlig;en.<\/p>\n<p>Madeline Willers begann ihren Auftritt mit dem Song &bdquo;Es tanzt&ldquo;. Anschlie&szlig;end &uuml;berraschte sie aus dem Publikum 3 Geburtstags-G&auml;ste, holte sie auf die B&uuml;hne und sang f&uuml;r sie Happy Birthday. Madelines Interpretation des bekannten Songs erinnerte sehr an die legend&auml;re Happy Birthday-Version von Marilyn Monroe.<\/p>\n<p>Nach ihrem weiteren musikalischen Programm wollte Madeline Willers sich mit ihrem Song &bdquo;C&rsquo;est la vie&ldquo; aus ihrem Deb&uuml;talbum &bdquo;Wir sind ewig&ldquo;, vom Publikum verabschieden, was aber von vielen Zugaberufen verhindert wurde. Als Zugabe sang sie ihre Interpretation von dem Kult-Hit aus den 80er-Jahren &bdquo;Major Tom&ldquo; und riss das Publikum noch einmal von den Sitzen!<\/p>\n<p>Wie man es von der sympathischen S&auml;ngerin Madeline Willers kennt, nahm sie sich nach ihrem Auftritt viel Zeit f&uuml;r ihre Fans um alle Autogramm- und Selfie-W&uuml;nsche zu erf&uuml;llen.<\/p>\n<p style=\"text-align: justify;\">&nbsp;<\/p>\n<p style=\"text-align: justify;\">&nbsp;<\/p>\n<p style=\"text-align: justify;\"><img decoding=\"async\" alt=\"\" src=\"https:\/\/smago.de\/fotos\/pics\/images\/willers2.jpg\" style=\"width: 512px; height: 349px;\" \/><\/p>\n<p>Willers Records (Textvorlage)<br \/>http:\/\/www.madeline-willers.de<br \/>http:\/\/www.madeline-willers.de<\/p>\n","protected":false},"excerpt":{"rendered":"<p>Seuzach im Kanton Z\u00fcrich in der Schweiz, war am Samstag (24.03.2018) Treffpunkt f\u00fcr begeisterte Schlagerfans aus \u00d6sterreich, Deutschland und der<\/p>\n","protected":false},"author":2,"featured_media":10340,"comment_status":"open","ping_status":"open","sticky":false,"template":"","format":"standard","meta":{"_FSMCFIC_featured_image_caption":"","_FSMCFIC_featured_image_nocaption":"","_FSMCFIC_featured_image_hide":""},"categories":[28],"tags":[],"acf":[],"_links":{"self":[{"href":"https:\/\/smago.de\/ws2\/wp-json\/wp\/v2\/posts\/10339"}],"collection":[{"href":"https:\/\/smago.de\/ws2\/wp-json\/wp\/v2\/posts"}],"about":[{"href":"https:\/\/smago.de\/ws2\/wp-json\/wp\/v2\/types\/post"}],"author":[{"embeddable":true,"href":"https:\/\/smago.de\/ws2\/wp-json\/wp\/v2\/users\/2"}],"replies":[{"embeddable":true,"href":"https:\/\/smago.de\/ws2\/wp-json\/wp\/v2\/comments?post=10339"}],"version-history":[{"count":0,"href":"https:\/\/smago.de\/ws2\/wp-json\/wp\/v2\/posts\/10339\/revisions"}],"wp:featuredmedia":[{"embeddable":true,"href":"https:\/\/smago.de\/ws2\/wp-json\/wp\/v2\/media\/10340"}],"wp:attachment":[{"href":"https:\/\/smago.de\/ws2\/wp-json\/wp\/v2\/media?parent=10339"}],"wp:term":[{"taxonomy":"category","embeddable":true,"href":"https:\/\/smago.de\/ws2\/wp-json\/wp\/v2\/categories?post=10339"},{"taxonomy":"post_tag","embeddable":true,"href":"https:\/\/smago.de\/ws2\/wp-json\/wp\/v2\/tags?post=10339"}],"curies":[{"name":"wp","href":"https:\/\/api.w.org\/{rel}","templated":true}]}}