{"id":10207,"date":"2018-04-04T00:00:00","date_gmt":"2018-04-04T00:00:00","guid":{"rendered":"https:\/\/smago.de\/ws\/?p=10207"},"modified":"-0001-11-30T00:00:00","modified_gmt":"-0001-11-29T22:00:00","slug":"MONIKA-MARTIN-Na-nu-Monika-Marti-10206","status":"publish","type":"post","link":"https:\/\/smago.de\/ws2\/schlager\/MONIKA-MARTIN-Na-nu-Monika-Marti-10206\/","title":{"rendered":"MONIKA MARTIN<br \/>Na nu: Monika Martin j\u00e4h erblondet!"},"content":{"rendered":"<p>&#8222;F\u00fcr immer&#8220; oder war es nur ein Gag f\u00fcr den 1. smago! Award \u00d6sterreich &#038; S\u00fcdtirol am 27.03.2018 in Schladming &#8230;?<!-more-><\/p>\n<p style=\"text-align: justify;\">&quot;Ist das nicht &#8230; Das ist doch Paola!&quot;, dachte sich <em>smago! <\/em>Chefredakteur Andy Tichler im ersten Moment, als er von einer zauberhaften Dame bei den Vorbereitungen zum 1. smago! Award &Ouml;sterreich &amp; S&uuml;dtirol am 27.03.2018 in der Hohenhaus Tenne in Schladming angesprochen wurde. Nein, Paola war es nicht, sondern &#8230;: MONIKA MARTIN.<\/p>\n<p>Die Ausnahmek&uuml;nstlerin wurde im Laufe des Abends in der eigens f&uuml;r sie erdachten Kategorie <em>&quot;Der Dornr&ouml;schenschlaf ist vorbei &#8230;&quot;:<\/em>ausgezeihchnet. Begr&uuml;ndung:<em> &quot;Aus der Volksmusik kommende K&uuml;nstlerin &uuml;berwindet s&auml;mtliche Genregrenzen und landet mitten im Popschlager. Ohne das Publikum vor den Kopf zu sto&szlig;en.&quot;<\/em><\/p>\n<p>Mit ihrer blonden Per&uuml;cke war Monika Martin die meistfotografierte Frau des Abends. Ob sie die blonde Per&uuml;cke jetzt &quot;F&uuml;r immer&quot; tr&auml;gt oder ob dies nur ein einmaliger Gag war, wei&szlig; einzig und allein Frau Martin selbst &#8230;<\/p>\n<p>Monika Martin begeisterte beim 1. <em>smago! <\/em>Award &Ouml;sterreich &amp; S&uuml;dtirol mit den Titeln &quot;Das Gef&uuml;hl&quot; sowie &quot;Die neue Wirklichkeit&quot; (im &#39;Stadionmix&#39;&quot;).<\/p>\n<p>Andy Tichler, Chefredakteur www.smago.de<br \/>http:\/\/www.telamo.de<br \/>https:\/\/monika-martin.at\/<\/p>\n","protected":false},"excerpt":{"rendered":"<p>&#8222;F\u00fcr immer&#8220; oder war es nur ein Gag f\u00fcr den 1. smago! Award \u00d6sterreich &#038; S\u00fcdtirol am 27.03.2018 in Schladming<\/p>\n","protected":false},"author":2,"featured_media":10208,"comment_status":"open","ping_status":"open","sticky":false,"template":"","format":"standard","meta":{"_FSMCFIC_featured_image_caption":"","_FSMCFIC_featured_image_nocaption":"","_FSMCFIC_featured_image_hide":""},"categories":[29],"tags":[],"acf":[],"_links":{"self":[{"href":"https:\/\/smago.de\/ws2\/wp-json\/wp\/v2\/posts\/10207"}],"collection":[{"href":"https:\/\/smago.de\/ws2\/wp-json\/wp\/v2\/posts"}],"about":[{"href":"https:\/\/smago.de\/ws2\/wp-json\/wp\/v2\/types\/post"}],"author":[{"embeddable":true,"href":"https:\/\/smago.de\/ws2\/wp-json\/wp\/v2\/users\/2"}],"replies":[{"embeddable":true,"href":"https:\/\/smago.de\/ws2\/wp-json\/wp\/v2\/comments?post=10207"}],"version-history":[{"count":0,"href":"https:\/\/smago.de\/ws2\/wp-json\/wp\/v2\/posts\/10207\/revisions"}],"wp:featuredmedia":[{"embeddable":true,"href":"https:\/\/smago.de\/ws2\/wp-json\/wp\/v2\/media\/10208"}],"wp:attachment":[{"href":"https:\/\/smago.de\/ws2\/wp-json\/wp\/v2\/media?parent=10207"}],"wp:term":[{"taxonomy":"category","embeddable":true,"href":"https:\/\/smago.de\/ws2\/wp-json\/wp\/v2\/categories?post=10207"},{"taxonomy":"post_tag","embeddable":true,"href":"https:\/\/smago.de\/ws2\/wp-json\/wp\/v2\/tags?post=10207"}],"curies":[{"name":"wp","href":"https:\/\/api.w.org\/{rel}","templated":true}]}}