{"id":10031,"date":"2018-04-13T00:00:00","date_gmt":"2018-04-13T00:00:00","guid":{"rendered":"https:\/\/smago.de\/ws\/?p=10031"},"modified":"-0001-11-30T00:00:00","modified_gmt":"-0001-11-29T22:00:00","slug":"ANNA-MARIA-ZIMMERMANN-ANDY-BORG-DORF-10030","status":"publish","type":"post","link":"https:\/\/smago.de\/ws2\/schlager\/ANNA-MARIA-ZIMMERMANN-ANDY-BORG-DORF-10030\/","title":{"rendered":"ANNA-MARIA ZIMMERMANN &#8211; ANDY BORG &#8211; DORFROCKER<br \/>smago! Event Bericht: Bayern plus pr\u00e4sentierte einmal mehr &quot;Schlagerstars im Zelt&quot;!"},"content":{"rendered":"<p>Beim N\u00fcrnberger Fr\u00fchlingsfest ging es in Paperts Festzelt hei\u00df her &#8230;:<!-more-><\/p>\n<p style=\"text-align: justify;\">Wer h&auml;tte es f&uuml;r m&ouml;glich gehalten, dass nach der letztj&auml;hrigen &bdquo;Schlagerstars im Zelt&ldquo; Veranstaltung von Bayern plus mit Ross Antony und Maite Kelly noch einmal eine Steigerung m&ouml;glich w&auml;re? &bdquo;Paperts Festzelt&ldquo; auf dem N&uuml;rnberger Fr&uuml;hlingsfest war bereits gegen 18:00 Uhr sehr gut gef&uuml;llt, als der Bayern plus DJ das (bemerkenswert junge!) Publikum mit Schlagermusik allemal auf Betriebstemperatur brachte. Als ANNA-MARIA ZIMMERMANN gegen 19:15 Uhr die B&uuml;hne betrat, war das Zelt bereits brechend voll.<\/p>\n<p>Anna-Maria Zimmermann wird diesen Mittwoch (11.04.2018) vermutlich so schnell nicht vergessen &hellip; An diesem Tag hatte sie n&auml;mlich ihre zweite Autopanne in acht Jahren. Bei Fulda habe ihr Auto einfach den Geist aufgegeben! Doch eine Anna-Maria Zimmermann ist ja nicht auf der Brennesselsuppe daher geschwommen; flugs organisierte sich einen Leihwagen und konnte ihre Fahrt fortsetzen.<\/p>\n<p>Nachdem sie mit &bdquo;Amore mio&ldquo; den perfekten Einstieg gew&auml;hlt und mit ihrem letztj&auml;hrigen Hit &bdquo;Himmelblaue Augen&ldquo; die Stimmung bereits auf den Siedepunkt getrieben hatte, stellte sie die erste Single aus ihrem neuen &ndash; von Dieter Bohlen produzierten &ndash; Album &bdquo;Sorgenfrei&ldquo; vor. &bdquo;Und &sbquo;sorgenfrei&lsquo;, das bin ich im Moment wirklich.&ldquo; Nat&uuml;rlich gab es &uuml;ber den Titel &bdquo;Schei&szlig;egal&ldquo; Diskussionen &agrave; la &bdquo;Kann man im Schlagersegment einen Song so nennen?&ldquo;. &bdquo;Man kann&ldquo;, war das Ergebnis, denn schlie&szlig;lich sei es ein &bdquo;fr&ouml;hliches &sbquo;Schei&szlig;egal&lsquo;&ldquo;.<\/p>\n<p>Anna-Maria Zimmermann wunderte sich, dass in N&uuml;rnberg an einem Mittwochabend eine derart gute Stimmung war: &bdquo;In G&uuml;tersloh sind am Mittwochabend um diese Zeit die B&uuml;rgersteige hochgeklappt &ndash; da k&ouml;nnte selbst Helene Fischer kommen&ldquo;, witzelte sie. Es sei &bdquo;Die sch&ouml;nste Mittwochabendparty, die ich jemals hatte&ldquo;, bescheinigte sie dem bereits v&ouml;llig aus dem H&auml;uschen geratenen Festzelt-G&auml;sten.<\/p>\n<p>Nachdem sie &#8211; einmal mehr in ihrer Karrierelaufbahn &ndash; &bdquo;100.000 leuchtende Sterne&ldquo; gesehen hatte, rief das stimmgewaltige Energieb&uuml;ndel: &bdquo;Jetzt darf getanzt werden!&ldquo;. Mit &bdquo;Die Tanzfl&auml;che brennt&ldquo; lieferte sie denn auch gleich den perfekten Soundtrack dazu. &bdquo;Tolle Live-Stimme&ldquo;, freute sich Bayern plus Musikredakteur und Moderator Harry Blaha hinter den Kulissen.<\/p>\n<p>Mit &bdquo;Sieben Wolken&ldquo; setzte sie ihr kurzweiliges Programm fort. &bdquo;Kann ich noch &ndash; oder wird der Andy Borg schon unruhig?&ldquo;, fragte sie, um sich dann mit den Worten &bdquo;Ihr werdet heute Abend auch nassgeschwitzt wie ich nach Hause gehen&ldquo; wieder direkt an ihr Publikum zu richten.<\/p>\n<p>Als Zugabe besang die durch und durch authentische, super sympathische und publikumsnahe S&auml;ngerin noch einmal &sbquo;seine&lsquo; &bdquo;Himmelblauen Augen&ldquo;, n&auml;mlich die ihres Mannes, der ihr vor einigen Monaten eine Tochter geschenkt hat.<\/p>\n<p>Auch Bayern plus Moderator J&uuml;rgen Lassauer staunte nicht schlecht, in was f&uuml;r einen Hexenkessel Anna-Maria Zimmermann das Festzelt verwandelt hatte. Mit den Worten &bdquo;voll die Party-L&ouml;win&ldquo; verabschiedete er den ersten musikalischen Gast des Abends.<\/p>\n<p>Unmittelbar nach Anna-Maria Zimmermanns Auftritt kam dann auch schon Andy Borg auf die B&uuml;hne. Er belie&szlig; es zun&auml;chst beim musikalischen Intro von &bdquo;Adios amor&ldquo;. Offiziell begann er sein Programm mit &bdquo;Angelo mio&ldquo;. Dann ergab sich eine herrliche Szene: Ausgerechnet in dem Moment, als er &bdquo;das romantischste Lied des ganzen Abends&ldquo; (&bdquo;Als sie noch Anna hie&szlig;&ldquo;) sang, st&uuml;rmten die Fotografen die B&uuml;hne (&bdquo; &hellip; aber daf&uuml;r san&rsquo;s Fotografen&ldquo;, konterte Andy mit dem ihm eigenen Galgenhumor). Also unterbrach er seinen Vortrag und stimmte einfach spontan &bdquo;Die H&auml;nde zum Himmel&ldquo; an, um dann noch einmal neu mit &bdquo;Als sie noch Anna hie&szlig;&ldquo; zu starten.&nbsp; Weiter ging&rsquo;s mit &bdquo;Cara mia&ldquo; und &bdquo;Zum Teufel mit der Einsamkeit&ldquo;. Nach Vollendung seines Kult-Hits &bdquo;Die ber&uuml;hmten drei Worte&ldquo; (Sie wissen ja, eine der ber&uuml;hmtesten &bdquo;B-Seiten&ldquo; der Schlagergeschichte!) bescheinigte er seinem Publikum, dass es &bdquo;super mitgesungen&ldquo; habe.<\/p>\n<p>Kurz ging er noch einmal auf sein &bdquo;Musikantenstadl&ldquo; Aus ein. Der Hauptgrund f&uuml;r die Beendigung seines Vertragsverh&auml;ltnisses seien diese &bdquo;neue Generation Fernsehapparate&ldquo; gewesen. Diese Flachbildschirme und er w&uuml;rden einfach nicht zusammenpassen (&bdquo;Wir verstehen uns einfach nicht&ldquo;).<\/p>\n<p>Nachdem er &ndash; auf Wunsch des (wie gesagt vorwiegend sehr jungen!) Publikums &ndash; spontan seinen Titel &bdquo;Stadlzeit&ldquo; eingeschoben hatte, drehte er mit seinem &sbquo;Hit 2017&lsquo; &bdquo;Sarah&ldquo; so richtig auf. &bdquo;Ich glaub&lsquo;, das ist zum Mitklatschen&ldquo;, witzelte er.<\/p>\n<p>Nachdem er a cappella zun&auml;chst &bdquo;Hey Baby&ldquo; und dann &bdquo;O du Fr&ouml;hliche&ldquo; (!) angestimmt hatte, erinnerte er an DAS Show-Mammut &uuml;berhaupt: Peter Alexander. Mit &bdquo;Die kleine Kneipe&ldquo; und &bdquo;Ich wei&szlig;, was dir fehlt&ldquo; hatte er gleich zwei Peter Alexander Klassiker ausgew&auml;hlt, die er vor einigen Jahren neu aufgenommen hat.<\/p>\n<p>Es folgten &bdquo;Die Fischer von San Juan&ldquo;.<\/p>\n<p>Nach seinem Kurzinterview mit Andy Borg fragte J&uuml;rgen Lassauer das aufgeheizte Publikum: &bdquo;Wollt Ihr noch ein musikalisches W&uuml;rstchen von Andy Borg?&ldquo; &ndash; Nat&uuml;rlich wollten sie.&nbsp;<\/p>\n<p>Und nat&uuml;rlich ging Andy Borg nicht von der B&uuml;hne, ohne &bdquo;Adios amor&ldquo; gesagt zu haben &hellip;&nbsp;<\/p>\n<p>Nach einer kurzen Umbaupause betraten die Dorfrocker mit drei zus&auml;tzlichen Live-Musikern die B&uuml;hne, um ein 90-min&uuml;tiges Konzert zu spielen. Der aktuelle Titel &bdquo;Daumen hoch&ldquo; durfte hierbei ebenso wenig fehlen wie &bdquo;die inoffizielle fr&auml;nkische Hymne&ldquo;, der &bdquo;Vogelbeerbaum&ldquo;. Tobias, Philipp und Markus gaben einmal mehr Vollstoff. EINE jedoch musste diesmal leider &ndash; aus zeitlichen Gr&uuml;nden &ndash; au&szlig;en vor bleiben: &bdquo;Die Gl&ouml;cknerin von Dindolfing&ldquo;. Daf&uuml;r stellten die drei Bilderbuchfranken einen brandneuen Song vor, in dem sich auf &bdquo;Jacqueline&ldquo; &bdquo;Vaseline&ldquo; reimt.<\/p>\n<p>Die Dorfrocker erwiesen sich als allemal w&uuml;rdige &bdquo;Lokalmatadoren&ldquo;. Und da die Jungs auch hinter den Kulissen stets v&ouml;llig tiefenentspannt und immer gut drauf sind, ist es kein Wunder, dass sie auch in Veranstalterkreisen &uuml;ber alle Ma&szlig;en beliebt sind.<\/p>\n<p>Und vor allem: Bei den Dorfrockern darf JEDER einmal ran. Auch wenn Dorfrocker &bdquo;Tobi&ldquo; die &bdquo;Hauptlast&ldquo; als Fronts&auml;nger tr&auml;gt, erf&auml;hrt er durch seine Br&uuml;der Tobias und Markus im Laufe des Programms tatkr&auml;ftige Unterst&uuml;tzung, so dass er sich auch einmal kurz ausruhen kann.<\/p>\n<p>Auch wenn &bdquo;Die Gl&ouml;cknerin von Dingolfing&ldquo; ihre Glocken diesmal nicht &bdquo;auspacken&ldquo; durfte, kann man dem Bayern plus Team nur zu der Veranstaltungsreihe &bdquo;Schlagerstars im Zelt&ldquo; gratulieren. Auch f&uuml;r den &bdquo;dramaturgischen Aufbau&ldquo; des insgesamt an die 5-st&uuml;ndigen Programms (inklusive des Bayern plus DJs) kann man nur die Bestnote vergeben.<\/p>\n<p>Und wie zumeist bei den &ouml;ffentlichen Veranstaltungen von Bayern plus kamen auch diesmal wieder ausgew&auml;hlte H&ouml;rerinnen und H&ouml;rer (in diesem Fall ganze 20 an der Zahl) in den Genuss eines &auml;u&szlig;erst unterhaltsamen Abends in exklusiver (und dennoch lockerer) Atmosph&auml;re &ndash; n&auml;mlich im VIP Bereich des Papert Festzeltes, mit freundlicher Unterst&uuml;tzung der Tucher Brauerei.<\/p>\n<p><\/p>\n","protected":false},"excerpt":{"rendered":"<p>Beim N\u00fcrnberger Fr\u00fchlingsfest ging es in Paperts Festzelt hei\u00df her &#8230;: Wer h&auml;tte es f&uuml;r m&ouml;glich gehalten, dass nach der<\/p>\n","protected":false},"author":2,"featured_media":10032,"comment_status":"open","ping_status":"open","sticky":false,"template":"","format":"standard","meta":{"_FSMCFIC_featured_image_caption":"","_FSMCFIC_featured_image_nocaption":"","_FSMCFIC_featured_image_hide":""},"categories":[29],"tags":[],"acf":[],"_links":{"self":[{"href":"https:\/\/smago.de\/ws2\/wp-json\/wp\/v2\/posts\/10031"}],"collection":[{"href":"https:\/\/smago.de\/ws2\/wp-json\/wp\/v2\/posts"}],"about":[{"href":"https:\/\/smago.de\/ws2\/wp-json\/wp\/v2\/types\/post"}],"author":[{"embeddable":true,"href":"https:\/\/smago.de\/ws2\/wp-json\/wp\/v2\/users\/2"}],"replies":[{"embeddable":true,"href":"https:\/\/smago.de\/ws2\/wp-json\/wp\/v2\/comments?post=10031"}],"version-history":[{"count":0,"href":"https:\/\/smago.de\/ws2\/wp-json\/wp\/v2\/posts\/10031\/revisions"}],"wp:featuredmedia":[{"embeddable":true,"href":"https:\/\/smago.de\/ws2\/wp-json\/wp\/v2\/media\/10032"}],"wp:attachment":[{"href":"https:\/\/smago.de\/ws2\/wp-json\/wp\/v2\/media?parent=10031"}],"wp:term":[{"taxonomy":"category","embeddable":true,"href":"https:\/\/smago.de\/ws2\/wp-json\/wp\/v2\/categories?post=10031"},{"taxonomy":"post_tag","embeddable":true,"href":"https:\/\/smago.de\/ws2\/wp-json\/wp\/v2\/tags?post=10031"}],"curies":[{"name":"wp","href":"https:\/\/api.w.org\/{rel}","templated":true}]}}