{"id":10027,"date":"2018-04-13T00:47:00","date_gmt":"2018-04-13T00:47:00","guid":{"rendered":"https:\/\/smago.de\/ws\/?p=10027"},"modified":"-0001-11-30T00:00:00","modified_gmt":"-0001-11-29T22:00:00","slug":"ECHO-ECHO-2018-zwischen-Hattrick-10026","status":"publish","type":"post","link":"https:\/\/smago.de\/ws2\/pop\/ECHO-ECHO-2018-zwischen-Hattrick-10026\/","title":{"rendered":"&quot;ECHO&quot;<br \/>&quot;ECHO 2018&quot; zwischen Hattrick f\u00fcr Ed Sheeran und Debatte um Grenzen der k\u00fcnstlerischen Freiheit!"},"content":{"rendered":"<p>Standing Ovations f\u00fcr Statement von Campino!<!-more-><\/p>\n<p class=\"bodytext\">Am Donnerstagabend wurde in der Messe Berlin zum 27. Mal der Deutsche Musikpreis ECHO verliehen. Drei Auszeichnungen gingen an <b>Ed Sheeran<\/b>. Der britische Singer-Songwriter gewann in den Kategorien &bdquo;K&uuml;nstler international&ldquo; und &bdquo;Album des Jahres&ldquo;. Sein Song &bdquo;Shape of You&ldquo; wurde &bdquo;Hit des Jahres&ldquo;. Ihren Rekord als Star mit den meisten ECHOs konnte <b>Helene Fischer<\/b> ausbauen: Sie gewann in der Kategorie &bdquo;Schlager&ldquo; ihren ECHO Nummer 17. Als &bdquo;K&uuml;nstler Pop national&ldquo; erhielt <b>Mark Forster<\/b> den ersten ECHO seiner Karriere. ECHO Nummer 1 gab&rsquo;s auch f&uuml;r <b>Alice Merton<\/b> als &bdquo;K&uuml;nstlerin Pop national&ldquo;, Gewinner in der Kategorie &bdquo;Band Pop national&ldquo; sind <b>Milky Chance<\/b>. Zu den Gewinnern geh&ouml;ren u.a. auch <b>Die Toten Hosen<\/b>, die eine Troph&auml;e in der Kategorie &bdquo;Rock national&ldquo; bekamen, <b>Santiano<\/b> siegten in der &bdquo;Volkst&uuml;mlichen Musik&ldquo; und der ECHO f&uuml;r &bdquo;Dance National&ldquo; ging an <b>Robin Schulz<\/b>.<\/p>\n<p>Den &bdquo;Kritikerpreis national&ldquo; erhielt die Trap-K&uuml;nstlerin <b>Hayiti<\/b>. Der Award f&uuml;r den &bdquo;Newcomer national&ldquo; ging an <b>Wincent Weiss<\/b>, &bdquo;Newcomer international&ldquo; wurde <b>Luis Fonsi<\/b>. Die Jury w&auml;hlte zudem <b>Peter Keller<\/b> f&uuml;r <b>Peter Maffays<\/b> Album &bdquo;MTV Unplugged&ldquo; zum &bdquo;Produzent national&ldquo;. Die Laudatio auf den Grafiker und Musiker <b>Klaus Voormann<\/b>, der f&uuml;r sein Lebenswerk geehrt wurde, hielt <b>Wolfgang Niedecken<\/b>.<\/p>\n<p>&bdquo;Herzlichen Gl&uuml;ckwunsch an die K&uuml;nstlerinnen und K&uuml;nstler, die heute mit einem ECHO &ndash; oder sogar gleich mehreren &ndash; nach Hause gegangen sind&ldquo;, so Dr. Florian Dr&uuml;cke, der Vorstandsvorsitzende des BVMI. &bdquo;Wir haben eine sehr lebendige Show gesehen, die der Musik ebenso Raum gegeben hat wie der Unterhaltung, und die auch die Diskussion &uuml;ber den schmalen Grat zwischen k&uuml;nstlerischer Freiheit und nicht mehr hinnehmbarer Provokation nicht ausgespart hat. Eine gro&szlig;e und wichtige Debatte, die im Vorfeld des ECHO begonnen hat und von der wir hoffen, dass sie die Bahn in eine sachlichere gesellschaftliche Auseinandersetzung findet. Danke an VOX f&uuml;r dieses zweite gemeinsame Jahr &ndash; uns verbindet eine noch junge, aber trotzdem schon jetzt recht bewegte Geschichte.&ldquo;<\/p>\n<p>Insgesamt wurde der ECHO 2018 in 22 Kategorien verliehen. Die ECHO-Entscheidungen ergaben sich aus den Platzierungen der Shortlists in Kombination mit dem Votum der rund 550 Fachjury-Mitglieder.<\/p>\n<p>Vox strahlte die 27. ECHO-Verleihung mit zahlreichen Live Acts wie <b>Luis Fonsi<\/b>, <b>Helene Fischer<\/b>, <b>Kylie Minogue<\/b>, <b>Alice Merton &amp; Shawn Mendes<\/b>, <b>Rita Ora &amp; Liam Payne<\/b> sowie vielen anderen ab 20:15 Uhr live aus.<\/p>\n<p class=\"bodytext\">Die vollst&auml;ndige Liste mit den Preistr&auml;gern gibt es online unter <strong><a href=\"http:\/\/www.echo-deutscher-musikpreis.de\/\" target=\"_blank\">www.echo-deutscher-musikpreis.de<\/a><\/strong>.<\/p>\n<p class=\"bodytext\">Auf der ECHO-Website gibt es zudem ein Q&amp;A u.a. zur Nominierung von Kollegah &amp; Farid Bang sowie eine Sammlung der beliebtesten Fragen zum ECHO.<\/p>\n<p>Bundesverband Musikindustrie (Textvorlage)<br \/>http:\/\/www.musikindustrie.de\/<br \/>http:\/\/www.echo-deutscher-musikpreis.de\/<\/p>\n","protected":false},"excerpt":{"rendered":"<p>Standing Ovations f\u00fcr Statement von Campino! Am Donnerstagabend wurde in der Messe Berlin zum 27. Mal der Deutsche Musikpreis ECHO<\/p>\n","protected":false},"author":2,"featured_media":10028,"comment_status":"open","ping_status":"open","sticky":false,"template":"","format":"standard","meta":{"_FSMCFIC_featured_image_caption":"","_FSMCFIC_featured_image_nocaption":"","_FSMCFIC_featured_image_hide":""},"categories":[27],"tags":[],"acf":[],"_links":{"self":[{"href":"https:\/\/smago.de\/ws2\/wp-json\/wp\/v2\/posts\/10027"}],"collection":[{"href":"https:\/\/smago.de\/ws2\/wp-json\/wp\/v2\/posts"}],"about":[{"href":"https:\/\/smago.de\/ws2\/wp-json\/wp\/v2\/types\/post"}],"author":[{"embeddable":true,"href":"https:\/\/smago.de\/ws2\/wp-json\/wp\/v2\/users\/2"}],"replies":[{"embeddable":true,"href":"https:\/\/smago.de\/ws2\/wp-json\/wp\/v2\/comments?post=10027"}],"version-history":[{"count":0,"href":"https:\/\/smago.de\/ws2\/wp-json\/wp\/v2\/posts\/10027\/revisions"}],"wp:featuredmedia":[{"embeddable":true,"href":"https:\/\/smago.de\/ws2\/wp-json\/wp\/v2\/media\/10028"}],"wp:attachment":[{"href":"https:\/\/smago.de\/ws2\/wp-json\/wp\/v2\/media?parent=10027"}],"wp:term":[{"taxonomy":"category","embeddable":true,"href":"https:\/\/smago.de\/ws2\/wp-json\/wp\/v2\/categories?post=10027"},{"taxonomy":"post_tag","embeddable":true,"href":"https:\/\/smago.de\/ws2\/wp-json\/wp\/v2\/tags?post=10027"}],"curies":[{"name":"wp","href":"https:\/\/api.w.org\/{rel}","templated":true}]}}